{"id":21318,"date":"2014-06-01T16:53:00","date_gmt":"2014-06-01T14:53:00","guid":{"rendered":"http:\/\/www.gdansk.baptysci.pl\/?p=21318"},"modified":"2023-02-14T20:33:08","modified_gmt":"2023-02-14T18:33:08","slug":"2014-06-01-tomasz-krazek-nie-badz-zbyt-swiety","status":"publish","type":"post","link":"http:\/\/www.gdansk.baptysci.pl\/index.php\/2014\/06\/01\/2014-06-01-tomasz-krazek-nie-badz-zbyt-swiety\/","title":{"rendered":"2014.06.01 &#8211; Tomasz Kr\u0105\u017cek &#8211; Nie b\u0105d\u017a zbyt \u015bwi\u0119ty?"},"content":{"rendered":"\n<div class=\"is-layout-flex wp-container-3 wp-block-columns\">\n<div class=\"is-layout-flow wp-block-column\" style=\"flex-basis:33.33%\">\n<figure class=\"wp-block-image size-full\"><a href=\"http:\/\/www.gdansk.baptysci.pl\/wp-content\/uploads\/2017\/03\/kt.jpg\"><img data-attachment-id=\"21336\" data-permalink=\"http:\/\/www.gdansk.baptysci.pl\/tomasz-krazek-2\/\" data-orig-file=\"http:\/\/www.gdansk.baptysci.pl\/wp-content\/uploads\/2023\/02\/kt-edited.jpg\" data-orig-size=\"199,298\" data-comments-opened=\"1\" data-image-meta=\"{&quot;aperture&quot;:&quot;0&quot;,&quot;credit&quot;:&quot;&quot;,&quot;camera&quot;:&quot;&quot;,&quot;caption&quot;:&quot;&quot;,&quot;created_timestamp&quot;:&quot;0&quot;,&quot;copyright&quot;:&quot;&quot;,&quot;focal_length&quot;:&quot;0&quot;,&quot;iso&quot;:&quot;0&quot;,&quot;shutter_speed&quot;:&quot;0&quot;,&quot;title&quot;:&quot;&quot;,&quot;orientation&quot;:&quot;0&quot;}\" data-image-title=\"tomasz kr\u0105\u017cek\" data-image-description=\"\" data-image-caption=\"\" data-medium-file=\"http:\/\/www.gdansk.baptysci.pl\/wp-content\/uploads\/2023\/02\/kt-edited.jpg\" data-large-file=\"http:\/\/www.gdansk.baptysci.pl\/wp-content\/uploads\/2023\/02\/kt-edited.jpg\" decoding=\"async\" loading=\"lazy\" width=\"199\" height=\"298\" src=\"http:\/\/www.gdansk.baptysci.pl\/wp-content\/uploads\/2023\/02\/kt-edited.jpg\" alt=\"\" class=\"wp-image-21336\"\/><\/a><\/figure>\n<\/div>\n\n\n\n<div class=\"is-layout-flow wp-block-column\" style=\"flex-basis:100%\">\n<p>Rzymian 12:9-21<\/p>\n\n\n\n<figure class=\"wp-block-audio\"><audio controls src=\"https:\/\/onedrive.live.com\/download?cid=DEE334F5CF11DD5D&amp;resid=DEE334F5CF11DD5D%211084&amp;authkey=AJJoPpR0EKIGY1g\"><\/audio><\/figure>\n<\/div>\n<\/div>\n","protected":false},"excerpt":{"rendered":"<p>Rzymian 12:9-21<\/p>\n","protected":false},"author":33,"featured_media":0,"comment_status":"open","ping_status":"open","sticky":false,"template":"","format":"audio","meta":[],"categories":[295,452,438,349],"tags":[],"jetpack_featured_media_url":"","jetpack_sharing_enabled":true,"_links":{"self":[{"href":"http:\/\/www.gdansk.baptysci.pl\/index.php\/wp-json\/wp\/v2\/posts\/21318"}],"collection":[{"href":"http:\/\/www.gdansk.baptysci.pl\/index.php\/wp-json\/wp\/v2\/posts"}],"about":[{"href":"http:\/\/www.gdansk.baptysci.pl\/index.php\/wp-json\/wp\/v2\/types\/post"}],"author":[{"embeddable":true,"href":"http:\/\/www.gdansk.baptysci.pl\/index.php\/wp-json\/wp\/v2\/users\/33"}],"replies":[{"embeddable":true,"href":"http:\/\/www.gdansk.baptysci.pl\/index.php\/wp-json\/wp\/v2\/comments?post=21318"}],"version-history":[{"count":1,"href":"http:\/\/www.gdansk.baptysci.pl\/index.php\/wp-json\/wp\/v2\/posts\/21318\/revisions"}],"predecessor-version":[{"id":21353,"href":"http:\/\/www.gdansk.baptysci.pl\/index.php\/wp-json\/wp\/v2\/posts\/21318\/revisions\/21353"}],"wp:attachment":[{"href":"http:\/\/www.gdansk.baptysci.pl\/index.php\/wp-json\/wp\/v2\/media?parent=21318"}],"wp:term":[{"taxonomy":"category","embeddable":true,"href":"http:\/\/www.gdansk.baptysci.pl\/index.php\/wp-json\/wp\/v2\/categories?post=21318"},{"taxonomy":"post_tag","embeddable":true,"href":"http:\/\/www.gdansk.baptysci.pl\/index.php\/wp-json\/wp\/v2\/tags?post=21318"}],"curies":[{"name":"wp","href":"https:\/\/api.w.org\/{rel}","templated":true}]}}