{"id":21006,"date":"2016-09-04T00:05:00","date_gmt":"2016-09-03T22:05:00","guid":{"rendered":"http:\/\/www.gdansk.baptysci.pl\/?p=21006"},"modified":"2023-02-11T00:54:39","modified_gmt":"2023-02-10T22:54:39","slug":"2016-09-04-robert-miksa-zycie-pelne-owocow-wiary","status":"publish","type":"post","link":"http:\/\/www.gdansk.baptysci.pl\/index.php\/2016\/09\/04\/2016-09-04-robert-miksa-zycie-pelne-owocow-wiary\/","title":{"rendered":"2016.09.04 &#8211; Robert Miksa &#8211; \u017bycie pe\u0142ne owoc\u00f3w wiary"},"content":{"rendered":"\n<p>Filipian 4:10-23   |   2Koryntian 8:1-5   |   Przys\u0142\u00f3w 3:5-9   |   Malachiasza 3:8-10<\/p>\n\n\n\n<figure class=\"wp-block-embed is-type-video is-provider-youtube wp-block-embed-youtube wp-embed-aspect-16-9 wp-has-aspect-ratio\"><div class=\"wp-block-embed__wrapper\">\n<iframe loading=\"lazy\" title=\"Flp 4,10-23 \u2014 \u017bycie pe\u0142ne owoc\u00f3w wiary\" width=\"840\" height=\"473\" src=\"https:\/\/www.youtube.com\/embed\/TRWONjeYLqo?feature=oembed\" frameborder=\"0\" allow=\"accelerometer; autoplay; clipboard-write; encrypted-media; gyroscope; picture-in-picture; web-share\" allowfullscreen><\/iframe>\n<\/div><\/figure>\n\n\n\n<figure class=\"wp-block-audio\"><audio controls src=\"https:\/\/onedrive.live.com\/download?cid=DEE334F5CF11DD5D&amp;resid=DEE334F5CF11DD5D%211291&amp;authkey=AEA5tc8KM7AJ7c4\"><\/audio><\/figure>\n","protected":false},"excerpt":{"rendered":"<p>Filipian 4:10-23 | 2Koryntian 8:1-5 | Przys\u0142\u00f3w 3:5-9 | Malachiasza 3:8-10<\/p>\n","protected":false},"author":33,"featured_media":0,"comment_status":"open","ping_status":"open","sticky":false,"template":"","format":"video","meta":[],"categories":[337,295,450,391,357,369,362],"tags":[],"jetpack_featured_media_url":"","jetpack_sharing_enabled":true,"_links":{"self":[{"href":"http:\/\/www.gdansk.baptysci.pl\/index.php\/wp-json\/wp\/v2\/posts\/21006"}],"collection":[{"href":"http:\/\/www.gdansk.baptysci.pl\/index.php\/wp-json\/wp\/v2\/posts"}],"about":[{"href":"http:\/\/www.gdansk.baptysci.pl\/index.php\/wp-json\/wp\/v2\/types\/post"}],"author":[{"embeddable":true,"href":"http:\/\/www.gdansk.baptysci.pl\/index.php\/wp-json\/wp\/v2\/users\/33"}],"replies":[{"embeddable":true,"href":"http:\/\/www.gdansk.baptysci.pl\/index.php\/wp-json\/wp\/v2\/comments?post=21006"}],"version-history":[{"count":1,"href":"http:\/\/www.gdansk.baptysci.pl\/index.php\/wp-json\/wp\/v2\/posts\/21006\/revisions"}],"predecessor-version":[{"id":21018,"href":"http:\/\/www.gdansk.baptysci.pl\/index.php\/wp-json\/wp\/v2\/posts\/21006\/revisions\/21018"}],"wp:attachment":[{"href":"http:\/\/www.gdansk.baptysci.pl\/index.php\/wp-json\/wp\/v2\/media?parent=21006"}],"wp:term":[{"taxonomy":"category","embeddable":true,"href":"http:\/\/www.gdansk.baptysci.pl\/index.php\/wp-json\/wp\/v2\/categories?post=21006"},{"taxonomy":"post_tag","embeddable":true,"href":"http:\/\/www.gdansk.baptysci.pl\/index.php\/wp-json\/wp\/v2\/tags?post=21006"}],"curies":[{"name":"wp","href":"https:\/\/api.w.org\/{rel}","templated":true}]}}