{"id":20629,"date":"2017-09-24T23:30:00","date_gmt":"2017-09-24T21:30:00","guid":{"rendered":"http:\/\/www.gdansk.baptysci.pl\/?p=20629"},"modified":"2023-02-10T19:01:06","modified_gmt":"2023-02-10T17:01:06","slug":"2017-09-24-robert-miksa-dwoch-synow-abrahama-i-duch-wolnosci","status":"publish","type":"post","link":"http:\/\/www.gdansk.baptysci.pl\/index.php\/2017\/09\/24\/2017-09-24-robert-miksa-dwoch-synow-abrahama-i-duch-wolnosci\/","title":{"rendered":"2017.09.24 &#8211; Robert Miksa &#8211; Dw\u00f3ch syn\u00f3w Abrahama i duch wolno\u015bci"},"content":{"rendered":"\n<p>Galacjan 4:19-5:1<\/p>\n\n\n\n<figure class=\"wp-block-embed is-type-video is-provider-youtube wp-block-embed-youtube wp-embed-aspect-16-9 wp-has-aspect-ratio\"><div class=\"wp-block-embed__wrapper\">\n<iframe loading=\"lazy\" title=\"Gal 4,19-5,1 &quot;Dw\u00f3ch syn\u00f3w Abrahama i duch wolno\u015bci&quot; (Robert Miksa)\" width=\"840\" height=\"473\" src=\"https:\/\/www.youtube.com\/embed\/Bj6vgNfWstk?feature=oembed\" frameborder=\"0\" allow=\"accelerometer; autoplay; clipboard-write; encrypted-media; gyroscope; picture-in-picture; web-share\" allowfullscreen><\/iframe>\n<\/div><\/figure>\n\n\n\n<figure class=\"wp-block-audio\"><audio controls src=\"https:\/\/onedrive.live.com\/download?cid=DEE334F5CF11DD5D&amp;resid=DEE334F5CF11DD5D%211384&amp;authkey=AHRQVJSocb1UPfg\"><\/audio><\/figure>\n","protected":false},"excerpt":{"rendered":"<p>Galacjan 4:19-5:1<\/p>\n","protected":false},"author":33,"featured_media":0,"comment_status":"open","ping_status":"open","sticky":false,"template":"","format":"video","meta":[],"categories":[295,449,336,362],"tags":[],"jetpack_featured_media_url":"","jetpack_sharing_enabled":true,"_links":{"self":[{"href":"http:\/\/www.gdansk.baptysci.pl\/index.php\/wp-json\/wp\/v2\/posts\/20629"}],"collection":[{"href":"http:\/\/www.gdansk.baptysci.pl\/index.php\/wp-json\/wp\/v2\/posts"}],"about":[{"href":"http:\/\/www.gdansk.baptysci.pl\/index.php\/wp-json\/wp\/v2\/types\/post"}],"author":[{"embeddable":true,"href":"http:\/\/www.gdansk.baptysci.pl\/index.php\/wp-json\/wp\/v2\/users\/33"}],"replies":[{"embeddable":true,"href":"http:\/\/www.gdansk.baptysci.pl\/index.php\/wp-json\/wp\/v2\/comments?post=20629"}],"version-history":[{"count":1,"href":"http:\/\/www.gdansk.baptysci.pl\/index.php\/wp-json\/wp\/v2\/posts\/20629\/revisions"}],"predecessor-version":[{"id":20640,"href":"http:\/\/www.gdansk.baptysci.pl\/index.php\/wp-json\/wp\/v2\/posts\/20629\/revisions\/20640"}],"wp:attachment":[{"href":"http:\/\/www.gdansk.baptysci.pl\/index.php\/wp-json\/wp\/v2\/media?parent=20629"}],"wp:term":[{"taxonomy":"category","embeddable":true,"href":"http:\/\/www.gdansk.baptysci.pl\/index.php\/wp-json\/wp\/v2\/categories?post=20629"},{"taxonomy":"post_tag","embeddable":true,"href":"http:\/\/www.gdansk.baptysci.pl\/index.php\/wp-json\/wp\/v2\/tags?post=20629"}],"curies":[{"name":"wp","href":"https:\/\/api.w.org\/{rel}","templated":true}]}}