{"id":20205,"date":"2019-03-03T00:40:00","date_gmt":"2019-03-02T22:40:00","guid":{"rendered":"http:\/\/www.gdansk.baptysci.pl\/?p=20205"},"modified":"2023-02-10T18:14:04","modified_gmt":"2023-02-10T16:14:04","slug":"2019-03-03-maciej-bialecki-inny-pomysl-na-malzenstwo-2","status":"publish","type":"post","link":"http:\/\/www.gdansk.baptysci.pl\/index.php\/2019\/03\/03\/2019-03-03-maciej-bialecki-inny-pomysl-na-malzenstwo-2\/","title":{"rendered":"2019.03.03 &#8211; Maciej Bia\u0142ecki &#8211; Inny pomys\u0142 na ma\u0142\u017ce\u0144stwo #2"},"content":{"rendered":"\n<div class=\"is-layout-flex wp-container-3 wp-block-columns\">\n<div class=\"is-layout-flow wp-block-column\" style=\"flex-basis:33.33%\">\n<figure class=\"wp-block-image size-medium\"><a href=\"http:\/\/www.gdansk.baptysci.pl\/wp-content\/uploads\/2023\/01\/MaciejBialecki-e1579734510725-edited.jpg\"><img data-attachment-id=\"19693\" data-permalink=\"http:\/\/www.gdansk.baptysci.pl\/maciejbialecki-2\/\" data-orig-file=\"http:\/\/www.gdansk.baptysci.pl\/wp-content\/uploads\/2023\/01\/MaciejBialecki-e1579734510725-edited.jpg\" data-orig-size=\"341,512\" data-comments-opened=\"1\" data-image-meta=\"{&quot;aperture&quot;:&quot;0&quot;,&quot;credit&quot;:&quot;&quot;,&quot;camera&quot;:&quot;&quot;,&quot;caption&quot;:&quot;&quot;,&quot;created_timestamp&quot;:&quot;0&quot;,&quot;copyright&quot;:&quot;www.tomasziwanski.pl&quot;,&quot;focal_length&quot;:&quot;0&quot;,&quot;iso&quot;:&quot;0&quot;,&quot;shutter_speed&quot;:&quot;0&quot;,&quot;title&quot;:&quot;&quot;,&quot;orientation&quot;:&quot;0&quot;}\" data-image-title=\"MaciejBialecki\" data-image-description=\"\" data-image-caption=\"\" data-medium-file=\"http:\/\/www.gdansk.baptysci.pl\/wp-content\/uploads\/2023\/01\/MaciejBialecki-e1579734510725-edited-200x300.jpg\" data-large-file=\"http:\/\/www.gdansk.baptysci.pl\/wp-content\/uploads\/2023\/01\/MaciejBialecki-e1579734510725-edited.jpg\" decoding=\"async\" loading=\"lazy\" width=\"200\" height=\"300\" src=\"http:\/\/www.gdansk.baptysci.pl\/wp-content\/uploads\/2023\/01\/MaciejBialecki-e1579734510725-edited-200x300.jpg\" alt=\"\" class=\"wp-image-19693\" srcset=\"http:\/\/www.gdansk.baptysci.pl\/wp-content\/uploads\/2023\/01\/MaciejBialecki-e1579734510725-edited-200x300.jpg 200w, http:\/\/www.gdansk.baptysci.pl\/wp-content\/uploads\/2023\/01\/MaciejBialecki-e1579734510725-edited.jpg 341w\" sizes=\"(max-width: 200px) 85vw, 200px\" \/><\/a><\/figure>\n<\/div>\n\n\n\n<div class=\"is-layout-flow wp-block-column\" style=\"flex-basis:100%\">\n<p>Efezjan 5:21-6:9   |   Rodzaju 3:16-17   |   1Koryntian 11:8-9   |   1Koryntian 11:3   |   Rodzaju 2:18-23   |   S\u0119dzi\u00f3w   13:17-23<\/p>\n\n\n\n<figure class=\"wp-block-audio\"><audio controls src=\"https:\/\/onedrive.live.com\/download?cid=DEE334F5CF11DD5D&amp;resid=DEE334F5CF11DD5D%211991&amp;authkey=ANrfVmvVAvXnoxA\"><\/audio><\/figure>\n<\/div>\n<\/div>\n","protected":false},"excerpt":{"rendered":"<p>Efezjan 5:21-6:9 | Rodzaju 3:16-17 | 1Koryntian 11:8-9 | 1Koryntian 11:3 | Rodzaju 2:18-23 | S\u0119dzi\u00f3w 13:17-23<\/p>\n","protected":false},"author":33,"featured_media":0,"comment_status":"open","ping_status":"open","sticky":false,"template":"","format":"audio","meta":[],"categories":[295,447,351,398,328,312,343],"tags":[],"jetpack_featured_media_url":"","jetpack_sharing_enabled":true,"_links":{"self":[{"href":"http:\/\/www.gdansk.baptysci.pl\/index.php\/wp-json\/wp\/v2\/posts\/20205"}],"collection":[{"href":"http:\/\/www.gdansk.baptysci.pl\/index.php\/wp-json\/wp\/v2\/posts"}],"about":[{"href":"http:\/\/www.gdansk.baptysci.pl\/index.php\/wp-json\/wp\/v2\/types\/post"}],"author":[{"embeddable":true,"href":"http:\/\/www.gdansk.baptysci.pl\/index.php\/wp-json\/wp\/v2\/users\/33"}],"replies":[{"embeddable":true,"href":"http:\/\/www.gdansk.baptysci.pl\/index.php\/wp-json\/wp\/v2\/comments?post=20205"}],"version-history":[{"count":2,"href":"http:\/\/www.gdansk.baptysci.pl\/index.php\/wp-json\/wp\/v2\/posts\/20205\/revisions"}],"predecessor-version":[{"id":20701,"href":"http:\/\/www.gdansk.baptysci.pl\/index.php\/wp-json\/wp\/v2\/posts\/20205\/revisions\/20701"}],"wp:attachment":[{"href":"http:\/\/www.gdansk.baptysci.pl\/index.php\/wp-json\/wp\/v2\/media?parent=20205"}],"wp:term":[{"taxonomy":"category","embeddable":true,"href":"http:\/\/www.gdansk.baptysci.pl\/index.php\/wp-json\/wp\/v2\/categories?post=20205"},{"taxonomy":"post_tag","embeddable":true,"href":"http:\/\/www.gdansk.baptysci.pl\/index.php\/wp-json\/wp\/v2\/tags?post=20205"}],"curies":[{"name":"wp","href":"https:\/\/api.w.org\/{rel}","templated":true}]}}