{"id":20174,"date":"2019-06-16T23:52:00","date_gmt":"2019-06-16T21:52:00","guid":{"rendered":"http:\/\/www.gdansk.baptysci.pl\/?p=20174"},"modified":"2023-02-10T17:49:15","modified_gmt":"2023-02-10T15:49:15","slug":"2019-06-16-tomasz-kulaga-boza-suwerennosc-w-moim-codziennym-zyciu","status":"publish","type":"post","link":"http:\/\/www.gdansk.baptysci.pl\/index.php\/2019\/06\/16\/2019-06-16-tomasz-kulaga-boza-suwerennosc-w-moim-codziennym-zyciu\/","title":{"rendered":"2019.06.16 &#8211; Tomasz Ku\u0142aga &#8211; Bo\u017ca suwerenno\u015b\u0107 w moim codziennym \u017cyciu"},"content":{"rendered":"\n<div class=\"is-layout-flex wp-container-3 wp-block-columns\">\n<div class=\"is-layout-flow wp-block-column\" style=\"flex-basis:33.33%\">\n<figure class=\"wp-block-image size-medium\"><a href=\"http:\/\/www.gdansk.baptysci.pl\/wp-content\/uploads\/2019\/06\/tomasz_kulaga.jpg\"><img data-attachment-id=\"20177\" data-permalink=\"http:\/\/www.gdansk.baptysci.pl\/tomasz_kulaga-2\/\" data-orig-file=\"http:\/\/www.gdansk.baptysci.pl\/wp-content\/uploads\/2023\/01\/tomasz_kulaga-edited.jpg\" data-orig-size=\"474,711\" data-comments-opened=\"1\" data-image-meta=\"{&quot;aperture&quot;:&quot;0&quot;,&quot;credit&quot;:&quot;&quot;,&quot;camera&quot;:&quot;&quot;,&quot;caption&quot;:&quot;&quot;,&quot;created_timestamp&quot;:&quot;1560772672&quot;,&quot;copyright&quot;:&quot;&quot;,&quot;focal_length&quot;:&quot;0&quot;,&quot;iso&quot;:&quot;0&quot;,&quot;shutter_speed&quot;:&quot;0&quot;,&quot;title&quot;:&quot;&quot;,&quot;orientation&quot;:&quot;1&quot;}\" data-image-title=\"tomasz_kulaga\" data-image-description=\"\" data-image-caption=\"\" data-medium-file=\"http:\/\/www.gdansk.baptysci.pl\/wp-content\/uploads\/2023\/01\/tomasz_kulaga-edited-200x300.jpg\" data-large-file=\"http:\/\/www.gdansk.baptysci.pl\/wp-content\/uploads\/2023\/01\/tomasz_kulaga-edited.jpg\" decoding=\"async\" loading=\"lazy\" width=\"200\" height=\"300\" src=\"http:\/\/www.gdansk.baptysci.pl\/wp-content\/uploads\/2023\/01\/tomasz_kulaga-edited-200x300.jpg\" alt=\"\" class=\"wp-image-20177\" srcset=\"http:\/\/www.gdansk.baptysci.pl\/wp-content\/uploads\/2023\/01\/tomasz_kulaga-edited-200x300.jpg 200w, http:\/\/www.gdansk.baptysci.pl\/wp-content\/uploads\/2023\/01\/tomasz_kulaga-edited.jpg 474w\" sizes=\"(max-width: 200px) 85vw, 200px\" \/><\/a><\/figure>\n<\/div>\n\n\n\n<div class=\"is-layout-flow wp-block-column\" style=\"flex-basis:100%\">\n<p>2Samuela 7:1-29   |   1Kronik 17:1-27<\/p>\n\n\n\n<figure class=\"wp-block-audio\"><audio controls src=\"https:\/\/onedrive.live.com\/download?cid=DEE334F5CF11DD5D&amp;resid=DEE334F5CF11DD5D%212002&amp;authkey=AGKcvvzXWw-_wT0\"><\/audio><\/figure>\n<\/div>\n<\/div>\n","protected":false},"excerpt":{"rendered":"<p>2Samuela 7:1-29 | 1Kronik 17:1-27<\/p>\n","protected":false},"author":33,"featured_media":0,"comment_status":"open","ping_status":"open","sticky":false,"template":"","format":"audio","meta":[],"categories":[352,295,447,408],"tags":[],"jetpack_featured_media_url":"","jetpack_sharing_enabled":true,"_links":{"self":[{"href":"http:\/\/www.gdansk.baptysci.pl\/index.php\/wp-json\/wp\/v2\/posts\/20174"}],"collection":[{"href":"http:\/\/www.gdansk.baptysci.pl\/index.php\/wp-json\/wp\/v2\/posts"}],"about":[{"href":"http:\/\/www.gdansk.baptysci.pl\/index.php\/wp-json\/wp\/v2\/types\/post"}],"author":[{"embeddable":true,"href":"http:\/\/www.gdansk.baptysci.pl\/index.php\/wp-json\/wp\/v2\/users\/33"}],"replies":[{"embeddable":true,"href":"http:\/\/www.gdansk.baptysci.pl\/index.php\/wp-json\/wp\/v2\/comments?post=20174"}],"version-history":[{"count":2,"href":"http:\/\/www.gdansk.baptysci.pl\/index.php\/wp-json\/wp\/v2\/posts\/20174\/revisions"}],"predecessor-version":[{"id":20698,"href":"http:\/\/www.gdansk.baptysci.pl\/index.php\/wp-json\/wp\/v2\/posts\/20174\/revisions\/20698"}],"wp:attachment":[{"href":"http:\/\/www.gdansk.baptysci.pl\/index.php\/wp-json\/wp\/v2\/media?parent=20174"}],"wp:term":[{"taxonomy":"category","embeddable":true,"href":"http:\/\/www.gdansk.baptysci.pl\/index.php\/wp-json\/wp\/v2\/categories?post=20174"},{"taxonomy":"post_tag","embeddable":true,"href":"http:\/\/www.gdansk.baptysci.pl\/index.php\/wp-json\/wp\/v2\/tags?post=20174"}],"curies":[{"name":"wp","href":"https:\/\/api.w.org\/{rel}","templated":true}]}}