{"id":19356,"date":"2022-06-19T16:30:00","date_gmt":"2022-06-19T14:30:00","guid":{"rendered":"http:\/\/www.gdansk.baptysci.pl\/?p=19356"},"modified":"2023-02-10T15:26:19","modified_gmt":"2023-02-10T13:26:19","slug":"2022-06-19-krzysztof-wantuch-dla-mnie-laska-dla-innych-sad","status":"publish","type":"post","link":"http:\/\/www.gdansk.baptysci.pl\/index.php\/2022\/06\/19\/2022-06-19-krzysztof-wantuch-dla-mnie-laska-dla-innych-sad\/","title":{"rendered":"2022.06.19 &#8211; Krzysztof Wantuch &#8211; Dla mnie \u0142aska, dla innych s\u0105d!"},"content":{"rendered":"\n<p>Jonasza 4:1-11   |   Wyj\u015bcia 32:9-10  |   Wyj\u015bcia 32:14   |   Wyj\u015bcia 34:6-9   |   Przys\u0142\u00f3w 4:23<\/p>\n\n\n\n<figure class=\"wp-block-embed is-type-video is-provider-youtube wp-block-embed-youtube wp-embed-aspect-16-9 wp-has-aspect-ratio\"><div class=\"wp-block-embed__wrapper\">\n<iframe loading=\"lazy\" title=\"Nabo\u017ce\u0144stwo | 2022-06-19\" width=\"840\" height=\"473\" src=\"https:\/\/www.youtube.com\/embed\/4dRLAxDBVqo?feature=oembed\" frameborder=\"0\" allow=\"accelerometer; autoplay; clipboard-write; encrypted-media; gyroscope; picture-in-picture\" allowfullscreen><\/iframe>\n<\/div><\/figure>\n","protected":false},"excerpt":{"rendered":"<p>Jonasza 4:1-11 | Wyj\u015bcia 32:9-10 | Wyj\u015bcia 32:14 | Wyj\u015bcia 34:6-9 | Przys\u0142\u00f3w 4:23<\/p>\n","protected":false},"author":33,"featured_media":0,"comment_status":"open","ping_status":"open","sticky":false,"template":"","format":"video","meta":[],"categories":[295,444,302,358,357,354],"tags":[],"jetpack_featured_media_url":"","jetpack_sharing_enabled":true,"_links":{"self":[{"href":"http:\/\/www.gdansk.baptysci.pl\/index.php\/wp-json\/wp\/v2\/posts\/19356"}],"collection":[{"href":"http:\/\/www.gdansk.baptysci.pl\/index.php\/wp-json\/wp\/v2\/posts"}],"about":[{"href":"http:\/\/www.gdansk.baptysci.pl\/index.php\/wp-json\/wp\/v2\/types\/post"}],"author":[{"embeddable":true,"href":"http:\/\/www.gdansk.baptysci.pl\/index.php\/wp-json\/wp\/v2\/users\/33"}],"replies":[{"embeddable":true,"href":"http:\/\/www.gdansk.baptysci.pl\/index.php\/wp-json\/wp\/v2\/comments?post=19356"}],"version-history":[{"count":1,"href":"http:\/\/www.gdansk.baptysci.pl\/index.php\/wp-json\/wp\/v2\/posts\/19356\/revisions"}],"predecessor-version":[{"id":19357,"href":"http:\/\/www.gdansk.baptysci.pl\/index.php\/wp-json\/wp\/v2\/posts\/19356\/revisions\/19357"}],"wp:attachment":[{"href":"http:\/\/www.gdansk.baptysci.pl\/index.php\/wp-json\/wp\/v2\/media?parent=19356"}],"wp:term":[{"taxonomy":"category","embeddable":true,"href":"http:\/\/www.gdansk.baptysci.pl\/index.php\/wp-json\/wp\/v2\/categories?post=19356"},{"taxonomy":"post_tag","embeddable":true,"href":"http:\/\/www.gdansk.baptysci.pl\/index.php\/wp-json\/wp\/v2\/tags?post=19356"}],"curies":[{"name":"wp","href":"https:\/\/api.w.org\/{rel}","templated":true}]}}