{"id":1644,"date":"2015-05-19T12:50:00","date_gmt":"2015-05-19T10:50:00","guid":{"rendered":"http:\/\/www.gdansk.baptysci.pl\/?p=1644"},"modified":"2023-02-04T12:33:22","modified_gmt":"2023-02-04T10:33:22","slug":"reportaz-tvp-2","status":"publish","type":"post","link":"http:\/\/www.gdansk.baptysci.pl\/index.php\/2015\/05\/19\/reportaz-tvp-2\/","title":{"rendered":"Reporta\u017c TVP 2"},"content":{"rendered":"\n<p><strong>Reporta\u017c &#8222;Mi\u0142ujcie nieprzyjaci\u00f3\u0142 waszych&#8221; &#8211; 19 maja, godz. 6.20 w TVP 2.<\/strong><br>To opowie\u015b\u0107, kt\u00f3ra porusza serce!&nbsp;Maksym z rodzin\u0105 musieli opu\u015bci\u0107 wschodni\u0105 Ukrain\u0119. Teraz zaczynaj\u0105 nowe \u017cycie w Polsce.<\/p>\n\n\n\n<div class=\"is-layout-flex wp-container-2 wp-block-columns\">\n<div class=\"is-layout-flow wp-block-column\" style=\"flex-basis:100%\">\n<figure class=\"wp-block-embed is-type-video is-provider-youtube wp-block-embed-youtube wp-embed-aspect-16-9 wp-has-aspect-ratio\"><div class=\"wp-block-embed__wrapper\">\n<iframe loading=\"lazy\" title=\"\u041f\u043e\u043c\u043e\u0449\u044c \u043f\u043e\u043b\u044c\u0441\u043a\u043e\u0439 \u0446\u0435\u0440\u043a\u0432\u0438 \u0434\u043b\u044f \u0443\u043a\u0440\u0430\u0438\u043d\u0446\u0435\u0432.\" width=\"840\" height=\"473\" src=\"https:\/\/www.youtube.com\/embed\/ABzedBRPWR4?feature=oembed\" frameborder=\"0\" allow=\"accelerometer; autoplay; clipboard-write; encrypted-media; gyroscope; picture-in-picture\" allowfullscreen><\/iframe>\n<\/div><\/figure>\n<\/div>\n<\/div>\n","protected":false},"excerpt":{"rendered":"<p>Reporta\u017c &#8222;Mi\u0142ujcie nieprzyjaci\u00f3\u0142 waszych&#8221; &#8211; 19 maja, godz. 6.20 w TVP 2.To opowie\u015b\u0107, kt\u00f3ra porusza serce!&nbsp;Maksym z rodzin\u0105 musieli opu\u015bci\u0107 wschodni\u0105 Ukrain\u0119. Teraz zaczynaj\u0105 nowe \u017cycie w Polsce.<\/p>\n","protected":false},"author":1,"featured_media":855,"comment_status":"open","ping_status":"open","sticky":false,"template":"","format":"standard","meta":[],"categories":[419,305,307],"tags":[],"jetpack_featured_media_url":"http:\/\/www.gdansk.baptysci.pl\/wp-content\/uploads\/2015\/01\/ogloszeniaBIG.png","jetpack_sharing_enabled":true,"_links":{"self":[{"href":"http:\/\/www.gdansk.baptysci.pl\/index.php\/wp-json\/wp\/v2\/posts\/1644"}],"collection":[{"href":"http:\/\/www.gdansk.baptysci.pl\/index.php\/wp-json\/wp\/v2\/posts"}],"about":[{"href":"http:\/\/www.gdansk.baptysci.pl\/index.php\/wp-json\/wp\/v2\/types\/post"}],"author":[{"embeddable":true,"href":"http:\/\/www.gdansk.baptysci.pl\/index.php\/wp-json\/wp\/v2\/users\/1"}],"replies":[{"embeddable":true,"href":"http:\/\/www.gdansk.baptysci.pl\/index.php\/wp-json\/wp\/v2\/comments?post=1644"}],"version-history":[{"count":6,"href":"http:\/\/www.gdansk.baptysci.pl\/index.php\/wp-json\/wp\/v2\/posts\/1644\/revisions"}],"predecessor-version":[{"id":19392,"href":"http:\/\/www.gdansk.baptysci.pl\/index.php\/wp-json\/wp\/v2\/posts\/1644\/revisions\/19392"}],"wp:featuredmedia":[{"embeddable":true,"href":"http:\/\/www.gdansk.baptysci.pl\/index.php\/wp-json\/wp\/v2\/media\/855"}],"wp:attachment":[{"href":"http:\/\/www.gdansk.baptysci.pl\/index.php\/wp-json\/wp\/v2\/media?parent=1644"}],"wp:term":[{"taxonomy":"category","embeddable":true,"href":"http:\/\/www.gdansk.baptysci.pl\/index.php\/wp-json\/wp\/v2\/categories?post=1644"},{"taxonomy":"post_tag","embeddable":true,"href":"http:\/\/www.gdansk.baptysci.pl\/index.php\/wp-json\/wp\/v2\/tags?post=1644"}],"curies":[{"name":"wp","href":"https:\/\/api.w.org\/{rel}","templated":true}]}}